{"id":120,"date":"2026-08-14T21:11:43","date_gmt":"2026-08-14T21:11:43","guid":{"rendered":"https:\/\/iglo.org.pl\/?p=120"},"modified":"2026-08-14T21:11:43","modified_gmt":"2026-08-14T21:11:43","slug":"ruszyla-zbiorka-na-remont-przyszlego-centrum-wsparcia-osob-z-niepelnosprawnosciami-iglo","status":"publish","type":"post","link":"https:\/\/iglo.org.pl\/?p=120","title":{"rendered":"Ruszy\u0142a zbi\u00f3rka na remont przysz\u0142ego Centrum Wsparcia Os\u00f3b z Niepe\u0142nosprawno\u015bciami IGLO"},"content":{"rendered":"\n<h3 class=\"wp-block-heading\">Jak ju\u017c wiecie zakupili\u015bmy 75 metrowe mieszkanie! To w\u0142a\u015bnie tu powstanie <strong>IGLO \u2013 Centrum Wsparcia Os\u00f3b z Niepe\u0142nosprawno\u015bciami<\/strong>, miejsce stworzone z my\u015bl\u0105 o dzieciach, ich rodzinach oraz budowaniu samodzielno\u015bci i poczucia bezpiecze\u0144stwa.<\/h3>\n\n\n\n<p class=\"wp-block-paragraph\">Dzi\u015b rozpoczynamy kolejny etap tej wyj\u0105tkowej inicjatywy. <strong>Ruszy\u0142a oficjalna zbi\u00f3rka na generalny remont mieszkania<\/strong>, kt\u00f3rego celem jest stworzenie nowoczesnej i przyjaznej przestrzeni wsparcia.<\/p>\n\n\n\n<p class=\"wp-block-paragraph\">Przed nami wiele pracy. Mieszkanie wymaga kompleksowego remontu oraz dostosowania do potrzeb os\u00f3b z niepe\u0142nosprawno\u015bciami. W planach jest m.in. stworzenie kuchni treningowej do nauki samodzielno\u015bci, przestrzeni terapeutycznej oraz miejsca, w kt\u00f3rym rodzice i opiekunowie b\u0119d\u0105 mogli otrzyma\u0107 wsparcie i chwil\u0119 wytchnienia.<\/p>\n\n\n\n<p class=\"wp-block-paragraph\"> Dla nas to du\u017ce wyzwanie, dlatego zwracamy si\u0119 z pro\u015bb\u0105 o pomoc do wszystkich ludzi o wielkich sercach.<\/p>\n\n\n\n<p class=\"wp-block-paragraph\">Wsparcia mo\u017cna udzieli\u0107 na kilka sposob\u00f3w:<\/p>\n\n\n\n<ul class=\"wp-block-list\">\n<li>przekazuj\u0105c dowoln\u0105 wp\u0142at\u0119,<\/li>\n\n\n\n<li>oferuj\u0105c materia\u0142y budowlane lub us\u0142ugi remontowe,<\/li>\n\n\n\n<li>udost\u0119pniaj\u0105c informacj\u0119 o akcji w\u015br\u00f3d rodziny i znajomych.<\/li>\n<\/ul>\n\n\n\n<p class=\"wp-block-paragraph\">Ka\u017cda wp\u0142ata i ka\u017cda forma pomocy przybli\u017ca nas do otwarcia miejsca, kt\u00f3re b\u0119dzie realnym wsparciem dla dzieci z niepe\u0142nosprawno\u015bciami oraz ich rodzin.<\/p>\n\n\n\n<p class=\"wp-block-paragraph\"><strong>Link do zbi\u00f3rki:<\/strong><br><a href=\"https:\/\/zrzutka.pl\/jeyep8\">https:\/\/zrzutka.pl\/jeyep8<\/a><\/p>\n\n\n\n<p class=\"wp-block-paragraph\">Dzi\u0119kujemy wszystkim, kt\u00f3rzy zdecyduj\u0105 si\u0119 do\u0142o\u017cy\u0107 swoj\u0105 cegie\u0142k\u0119 do powstania Centrum IGLO. Razem mo\u017cemy sprawi\u0107, \u017ce puste dzi\u015b mieszkanie stanie si\u0119 miejscem pe\u0142nym wsparcia, nadziei i nowych mo\u017cliwo\u015bci.<\/p>\n","protected":false},"excerpt":{"rendered":"<p>Jak ju\u017c wiecie zakupili\u015bmy 75 metrowe mieszkanie! To w\u0142a\u015bnie tu powstanie IGLO \u2013 Centrum Wsparcia Os\u00f3b z Niepe\u0142nosprawno\u015bciami, miejsce stworzone z my\u015bl\u0105 o dzieciach, ich rodzinach oraz budowaniu samodzielno\u015bci i poczucia bezpiecze\u0144stwa. Dzi\u015b rozpoczynamy kolejny etap tej wyj\u0105tkowej inicjatywy. Ruszy\u0142a oficjalna zbi\u00f3rka na generalny remont mieszkania, kt\u00f3rego celem jest stworzenie nowoczesnej i przyjaznej przestrzeni wsparcia. [&hellip;]<\/p>\n","protected":false},"author":1,"featured_media":121,"comment_status":"open","ping_status":"open","sticky":false,"template":"","format":"standard","meta":{"footnotes":""},"categories":[1],"tags":[],"class_list":["post-120","post","type-post","status-publish","format-standard","has-post-thumbnail","hentry","category-uncategorized"],"_links":{"self":[{"href":"https:\/\/iglo.org.pl\/index.php?rest_route=\/wp\/v2\/posts\/120","targetHints":{"allow":["GET"]}}],"collection":[{"href":"https:\/\/iglo.org.pl\/index.php?rest_route=\/wp\/v2\/posts"}],"about":[{"href":"https:\/\/iglo.org.pl\/index.php?rest_route=\/wp\/v2\/types\/post"}],"author":[{"embeddable":true,"href":"https:\/\/iglo.org.pl\/index.php?rest_route=\/wp\/v2\/users\/1"}],"replies":[{"embeddable":true,"href":"https:\/\/iglo.org.pl\/index.php?rest_route=%2Fwp%2Fv2%2Fcomments&post=120"}],"version-history":[{"count":1,"href":"https:\/\/iglo.org.pl\/index.php?rest_route=\/wp\/v2\/posts\/120\/revisions"}],"predecessor-version":[{"id":122,"href":"https:\/\/iglo.org.pl\/index.php?rest_route=\/wp\/v2\/posts\/120\/revisions\/122"}],"wp:featuredmedia":[{"embeddable":true,"href":"https:\/\/iglo.org.pl\/index.php?rest_route=\/wp\/v2\/media\/121"}],"wp:attachment":[{"href":"https:\/\/iglo.org.pl\/index.php?rest_route=%2Fwp%2Fv2%2Fmedia&parent=120"}],"wp:term":[{"taxonomy":"category","embeddable":true,"href":"https:\/\/iglo.org.pl\/index.php?rest_route=%2Fwp%2Fv2%2Fcategories&post=120"},{"taxonomy":"post_tag","embeddable":true,"href":"https:\/\/iglo.org.pl\/index.php?rest_route=%2Fwp%2Fv2%2Ftags&post=120"}],"curies":[{"name":"wp","href":"https:\/\/api.w.org\/{rel}","templated":true}]}}